{"id":694,"date":"2024-01-29T19:58:32","date_gmt":"2024-01-29T18:58:32","guid":{"rendered":"https:\/\/maril.hu\/?p=694"},"modified":"2024-05-23T13:36:31","modified_gmt":"2024-05-23T11:36:31","slug":"ferencvaros-the-reborn-district","status":"publish","type":"post","link":"https:\/\/maril.hu\/en\/ferencvaros-the-reborn-district\/","title":{"rendered":"Ferencv\u00e1ros &#8211; The reborn district"},"content":{"rendered":"<h2>Introduction<\/h2>\n<p>Ferencv\u00e1ros is the IX. district of Budapest, which is <strong>one of the most developing\/renewing districts of the capital<\/strong>. It is located on the left bank of the Danube, south of the city center.<\/p>\n<p>It is bounded by three elements of the radial-ring structure characteristic of the capital city: V\u00e1mh\u00e1z k\u00f6r\u00fat, \u00dcll\u0151i \u00fat and Hat\u00e1r \u00fat. It is divided along these routes. The area between Kisk\u00f6r\u00fat and Nagyk\u00f6r\u00fat is the Inner Ferencv\u00e1ros, from Nagyk\u00f6r\u00fat to the main east-west railway line, which also crosses the district in a ring direction, is the Middle Ferencv\u00e1ros, the part between the railway line and Hat\u00e1r \u00fat is the Outer Ferencv\u00e1ros, next to \u00dcll\u0151i \u00fat there is the J\u00f3zsef Attila residential complex.<\/p>\n<p>The purpose of this article is to provide a detailed overview of the district&#8217;s important advantages, opportunities and characteristics from a housing point of view.<\/p>\n<h2>A reborn environment<\/h2>\n<p>The district is mostly characterized by developments. Many new buildings and neighborhoods are constantly being built. This creates a livable, high-quality living environment.<\/p>\n<p>In addition to the wonderful hundred-year-old apartment buildings, modern constructions appear, which add a new milieu to the cityscape. Along with the building improvements comes the development of the environment as well, which improves the quality of life. One of the characteristics of the district (specially the rehabilitation area) is the contiguous internal green surfaces, the condominiums surround large internal green courtyards, where playgrounds can also be found.<\/p>\n<p>In the district, the different functions, such as living and working environments, are neatly demarcated, the <strong>Lechner \u00d6d\u00f6n fasor<\/strong>, which was built along the Danube, became like a workplace zone, with the construction of the office buildings. The Inner Ferencv\u00e1ros, in addition to its residential function, has retained its cultural role as pedestrian streets and parks.<\/p>\n<h2>Green areas in Ferencv\u00e1ros<\/h2>\n<ul>\n<li><span style=\"text-decoration: underline;\"><strong>Haller Park:<\/strong><\/span> This is the largest park, in the district. It has a variety of recreational facilities, including ball fields, playgrounds, a sledding hill and boardwalks. The park is especially popular among families with children, the elderly and those who want to relax.<\/li>\n<li><span style=\"text-decoration: underline;\"><strong>Kerekerd\u0151 Park:<\/strong><\/span> The park in its current form was created in 2008, when a block of houses were demolished during the rehabilitation of the district and this park was established instead. It is a popular resting place for the locals.<\/li>\n<li><span style=\"text-decoration: underline;\"><strong>Nehru-Part:<\/strong><\/span> This is the park that has everything to be a cool place: good air, an amazing view of Gell\u00e9rt Hill, great transport. In addition, during a reconstruction in 2016, it received beautiful colorful seating, a playground, a buffet, washrooms, sports courts, a fitness park, and a bike and skateboard track.<\/li>\n<li><span style=\"text-decoration: underline;\"><strong>Markusovszky t\u00e9r:<\/strong><\/span> The square with an unusual shape was formed after the demolition of the buildings of the Ferencv\u00e1ros Tobacco Factory, and on the site of the buildings that fell into ruins during the Second World War. Green area with playground and benches.<\/li>\n<li><span style=\"text-decoration: underline;\"><strong>Gizella Promenade:<\/strong><\/span> A particularly beautiful promenade along the Danube with benches, trees and a grassy area from the Pet\u0151fi Bridge to the R\u00e1k\u00f3czi Bridge.<\/li>\n<\/ul>\n<div id=\"attachment_531\" style=\"width: 1010px\" class=\"wp-caption alignnone\"><img decoding=\"async\" aria-describedby=\"caption-attachment-531\" class=\"wp-image-531 size-full\" src=\"http:\/\/maril.hu\/wp-content\/uploads\/2024\/01\/maril-ferencvaros-gizella-setany.webp\" alt=\"\" width=\"1000\" height=\"675\" srcset=\"https:\/\/maril.hu\/wp-content\/uploads\/2024\/01\/maril-ferencvaros-gizella-setany.webp 1000w, https:\/\/maril.hu\/wp-content\/uploads\/2024\/01\/maril-ferencvaros-gizella-setany-300x203.webp 300w, https:\/\/maril.hu\/wp-content\/uploads\/2024\/01\/maril-ferencvaros-gizella-setany-768x518.webp 768w, https:\/\/maril.hu\/wp-content\/uploads\/2024\/01\/maril-ferencvaros-gizella-setany-705x476.webp 705w\" sizes=\"(max-width: 1000px) 100vw, 1000px\" \/><p id=\"caption-attachment-531\" class=\"wp-caption-text\">Gizella promenade (source: <a href=\"https:\/\/flickr.com\" target=\"_blank\" rel=\"noopener\">flickr.com<\/a>)<\/p><\/div>\n<h2>Transport connections<\/h2>\n<p>Ferencv\u00e1ros has excellent road and public transport connections, it is connected to the Buda side of the capital by 2 bridges (R\u00e1k\u00f3czi bridge, Pet\u0151fi bridge).<\/p>\n<p>Two metro lines run through the district, metro lines 3 and 4 (stops: metro 3: Hat\u00e1r \u00fat- P\u00f6tty\u00f6s utca-Ecseri \u00fat- N\u00e9pliget \u2013 Nagyv\u00e1rad t\u00e9r &#8211; Semmelweis Klinik\u00e1k &#8211; Corvin quarter \u2013 K\u00e1lvin t\u00e9r, metro4: F\u0151v\u00e1m t\u00e9r &#8211; K\u00e1lvin t\u00e9r)<\/p>\n<p>Tram 4-6 passes through the district, which is the busiest tram network in the capital. N\u00e9pliget is one of the largest intercity and long-distance bus stations, located in the district, from where you can reach the various districts of Budapest by metro and tram network.<\/p>\n<p>Also, let&#8217;s not forget the under development N\u00e9pliget railway station, which as part of the Southern Ring Road could soon become an important hub for rail traffic. The main function of the railway station to be established at the corner of N\u00e9pliget will be to enable passengers of suburban trains coming from the direction of Tatab\u00e1nya, Sz\u00e9kesfeh\u00e9rv\u00e1r or Gy\u00f6mr\u0151, P\u00e9cel to reach the M3 metro at the Ecseri \u00fat station or the Vol\u00e1nbusz station in N\u00e9pliget, or to open a direct connection from the N\u00e9pliget area to trains to suburban destinations or, in the future, even by train to Liszt Ferenc International Airport.<\/p>\n<p>Just as in the entire Capital City, the bicycle path network in Ferencv\u00e1ros is also getting better and better, it is enough to mention only the Nagyk\u00f6r\u00fat and some parts of \u00dcll\u0151i \u00fat.<\/p>\n<div id=\"attachment_535\" style=\"width: 1210px\" class=\"wp-caption alignnone\"><img decoding=\"async\" aria-describedby=\"caption-attachment-535\" class=\"wp-image-535 size-full\" src=\"http:\/\/maril.hu\/wp-content\/uploads\/2024\/01\/maril-ferencvaros-nepligeti-vasutallomas.webp\" alt=\"\" width=\"1200\" height=\"675\" srcset=\"https:\/\/maril.hu\/wp-content\/uploads\/2024\/01\/maril-ferencvaros-nepligeti-vasutallomas.webp 1200w, https:\/\/maril.hu\/wp-content\/uploads\/2024\/01\/maril-ferencvaros-nepligeti-vasutallomas-300x169.webp 300w, https:\/\/maril.hu\/wp-content\/uploads\/2024\/01\/maril-ferencvaros-nepligeti-vasutallomas-1030x579.webp 1030w, https:\/\/maril.hu\/wp-content\/uploads\/2024\/01\/maril-ferencvaros-nepligeti-vasutallomas-768x432.webp 768w, https:\/\/maril.hu\/wp-content\/uploads\/2024\/01\/maril-ferencvaros-nepligeti-vasutallomas-705x397.webp 705w\" sizes=\"(max-width: 1200px) 100vw, 1200px\" \/><p id=\"caption-attachment-535\" class=\"wp-caption-text\">N\u00e9pliget railway station concept (source: <a href=\"https:\/\/www.facebook.com\/mavcsoport\/posts\/3605020416258301\/\" target=\"_blank\" rel=\"noopener\">facebook.com<\/a>)<\/p><\/div>\n<h2>Education in IX. district<\/h2>\n<p>In Ferencv\u00e1ros, you can find several higher education institutions in addition to numerous primary schools, secondary schools and high schools. Among others, the buildings of ELTE, Semmelweis University and Corvinus University, as well as several faculties of the Ferenc Liszt University of Music and the K\u00e1roli G\u00e1sp\u00e1r Reformed University are also located in the district.<\/p>\n<h2>Culture<\/h2>\n<p>Due to the pro-culture and education policy of the district, it plays an increasingly important role in the realization of the capital&#8217;s cultural and knowledge center goals &#8211; old and new university buildings, cultural institutions &#8211; M\u00dcPA, National Theater &#8211; and the series of events.<\/p>\n<p>R\u00e1day utca has also become a defining cultural and meeting place for the youth of the surrounding large universities. Its touristic potential is also increasing with hotel developments and spatial planning related to the 4 subway. The renovation of Csarnok t\u00e9r behind the V\u00e1s\u00e1rcsarnok and the CET built on the banks of the Danube would further increase the cultural and touristic significance. With the renovation of M\u00e1ty\u00e1s and Erkel streets, the V\u00e1s\u00e1rcsarnok and the Danube bank will be connected to R\u00e1day street.<\/p>\n<h2>Sports, entertainment<\/h2>\n<p>Ferencv\u00e1ros, as it is already in the name of the district, is also the home of the most popular sports association in our country, just think of the multi-functional sports facility, the home of the football team, the <strong>Groupama Arena<\/strong>, handed over in 2014. But just a stone&#8217;s throw away from here, in N\u00e9pliget, there are also several departments.<\/p>\n<p>Also in the district, there is the <strong><a href=\"https:\/\/www.budapestpark.hu\/\" target=\"_blank\" rel=\"noopener\">Budapest Park<\/a><\/strong>, an open-air concert venue that is extremely popular among young people and is open from spring to autumn, where the general public can listen to numerous concerts every week.<\/p>\n<h2>We have collected Ferencv\u00e1ros recreation opportunities and attractions:<\/h2>\n<ul>\n<li>M\u00dcPA<\/li>\n<li>Museum of Applied Arts<\/li>\n<li>National Theatre<\/li>\n<li>Holocaust Memorial Center<\/li>\n<li>Unicum house<\/li>\n<li>Ludwig Museum<\/li>\n<li>Whale<\/li>\n<li>Brigade Spa<\/li>\n<li>Great Market Hall<\/li>\n<li>Groupama Arena<\/li>\n<li>Bak\u00e1ts square<\/li>\n<\/ul>\n<div id=\"attachment_533\" style=\"width: 1010px\" class=\"wp-caption alignnone\"><img decoding=\"async\" aria-describedby=\"caption-attachment-533\" class=\"wp-image-533 size-full\" src=\"http:\/\/maril.hu\/wp-content\/uploads\/2024\/01\/maril-ferencvaros-iparmuveszeti-muzeum.webp\" alt=\"\" width=\"1000\" height=\"675\" srcset=\"https:\/\/maril.hu\/wp-content\/uploads\/2024\/01\/maril-ferencvaros-iparmuveszeti-muzeum.webp 1000w, https:\/\/maril.hu\/wp-content\/uploads\/2024\/01\/maril-ferencvaros-iparmuveszeti-muzeum-300x203.webp 300w, https:\/\/maril.hu\/wp-content\/uploads\/2024\/01\/maril-ferencvaros-iparmuveszeti-muzeum-768x518.webp 768w, https:\/\/maril.hu\/wp-content\/uploads\/2024\/01\/maril-ferencvaros-iparmuveszeti-muzeum-705x476.webp 705w\" sizes=\"(max-width: 1000px) 100vw, 1000px\" \/><p id=\"caption-attachment-533\" class=\"wp-caption-text\">Museum of Applied Arts (source: <a href=\"https:\/\/hu.wikipedia.org\/wiki\/Budapest_IX._ker%C3%BClete\" target=\"_blank\" rel=\"noopener\">Wikipedia<\/a>)<\/p><\/div>\n<h2>Why should you choose Ferencv\u00e1ros?<\/h2>\n<p>Budapest IX. district is an ideal choice for housing, as it is close to the city center, has rich cultural and entertainment opportunities, boasts green areas and a modern environment, as well as a youthful and dynamic community.<\/p>\n<h2>Summary<\/h2>\n<p>Ferencv\u00e1ros can be a great choice for university students and even for young families. Everyone can find their solution, whether they want to move into a newly built apartment or a classic apartment building.<\/p>\n<p>If you are interested in the current real estate offer in the district, or if you have a property for rent, feel free to contact us at one of our <strong><a href=\"https:\/\/maril.hu\/en\/contact\/\">contacts<\/a><\/strong>.<\/p>\n<p><em>Opening image: Groupama Ar\u00e9na (source: <a title=\"groupamaarena.com\" href=\"https:\/\/www.groupamaarena.com\/kepek\" target=\"_blank\" rel=\"noopener\">groupamaarena.com<\/a>)\u00a0<\/em><\/p>\n","protected":false},"excerpt":{"rendered":"<p>Introduction Ferencv\u00e1ros is the IX. district of Budapest, which is one of the most developing\/renewing districts of the capital. It is located on the left bank of the Danube, south of the city center. It is bounded by three elements of the radial-ring structure characteristic of the capital city: V\u00e1mh\u00e1z k\u00f6r\u00fat, \u00dcll\u0151i \u00fat and Hat\u00e1r [&hellip;]<\/p>\n","protected":false},"author":3,"featured_media":542,"comment_status":"closed","ping_status":"closed","sticky":false,"template":"","format":"standard","meta":{"inline_featured_image":false,"footnotes":""},"categories":[19],"tags":[],"class_list":["post-694","post","type-post","status-publish","format-standard","has-post-thumbnail","hentry","category-presentation-of-the-district"],"_links":{"self":[{"href":"https:\/\/maril.hu\/en\/wp-json\/wp\/v2\/posts\/694","targetHints":{"allow":["GET"]}}],"collection":[{"href":"https:\/\/maril.hu\/en\/wp-json\/wp\/v2\/posts"}],"about":[{"href":"https:\/\/maril.hu\/en\/wp-json\/wp\/v2\/types\/post"}],"author":[{"embeddable":true,"href":"https:\/\/maril.hu\/en\/wp-json\/wp\/v2\/users\/3"}],"replies":[{"embeddable":true,"href":"https:\/\/maril.hu\/en\/wp-json\/wp\/v2\/comments?post=694"}],"version-history":[{"count":1,"href":"https:\/\/maril.hu\/en\/wp-json\/wp\/v2\/posts\/694\/revisions"}],"predecessor-version":[{"id":695,"href":"https:\/\/maril.hu\/en\/wp-json\/wp\/v2\/posts\/694\/revisions\/695"}],"wp:featuredmedia":[{"embeddable":true,"href":"https:\/\/maril.hu\/en\/wp-json\/wp\/v2\/media\/542"}],"wp:attachment":[{"href":"https:\/\/maril.hu\/en\/wp-json\/wp\/v2\/media?parent=694"}],"wp:term":[{"taxonomy":"category","embeddable":true,"href":"https:\/\/maril.hu\/en\/wp-json\/wp\/v2\/categories?post=694"},{"taxonomy":"post_tag","embeddable":true,"href":"https:\/\/maril.hu\/en\/wp-json\/wp\/v2\/tags?post=694"}],"curies":[{"name":"wp","href":"https:\/\/api.w.org\/{rel}","templated":true}]}}